{"id":484,"date":"2014-03-17T06:37:49","date_gmt":"2014-03-17T06:37:49","guid":{"rendered":"https:\/\/altodelaluna.com\/wp\/2014\/03\/17\/vallejo-y-dios\/"},"modified":"2014-03-17T06:37:49","modified_gmt":"2014-03-17T06:37:49","slug":"vallejo-y-dios","status":"publish","type":"post","link":"https:\/\/altodelaluna.com\/wp\/2014\/03\/17\/vallejo-y-dios\/","title":{"rendered":"Vallejo y Dios"},"content":{"rendered":"<p class=\"MsoNormal\" style=\"text-align:justify\"><span style=\"font-family: Arial, sans-serif;\"><img decoding=\"async\" src=\"images\/stories\/csar vallejo.jpg\" border=\"0\" align=\"right\" \/>C\u00e9sar Vallejo estaba destinado a ser cura tambi\u00e9n.<\/span><span style=\"font-family: Arial, sans-serif;\"><br \/><\/span><\/p>\n<p>  <!--more-->  <\/p>\n<p>\u00a0<\/p>\n<p class=\"MsoNormal\" style=\"text-align:justify\"><span style=\"font-family:\"> <\/span><span style=\"font-family: Arial, sans-serif; line-height: 1.3em;\">UNO<\/span><\/p>\n<p class=\"MsoNormal\" style=\"text-align:justify\"><span style=\"font-family:\">Este s\u00e1bado 16 de marzo de 2014 Vallejo, el inmortal, cumple 122 a\u00f1os.<\/span><\/p>\n<p class=\"MsoNormal\" style=\"text-align:justify\"><span style=\"font-family:\">Naci\u00f3 en Santiago de Chuco, un pueblecito altoandino de La Libertad. Sus padres, con los castizos nombres de Francisco de Paula y Mar\u00eda de los Santos, eran, sin embargo, hijos de curas gallegos en mujeres chim\u00fa de la regi\u00f3n. <\/span><\/p>\n<p class=\"MsoNormal\" style=\"text-align:justify\"><span style=\"font-family:\">Mestizo, moreno de nariz aguile\u00f1a, el menor de once hermanos, C\u00e9sar Vallejo estaba destinado a ser cura tambi\u00e9n: en su casa se le\u00eda la Biblia y se guardaba toda la religiosidad campesina de entonces. Seg\u00fan Gonz\u00e1lez Vigil, la primera formaci\u00f3n del poeta fue de una parte oral andina, y de otra parte muy religiosa; todo en un ambiente familiar feliz. Una mezcla potente de pante\u00edsmo y de cristianismo, de sencillez y sensibilidad, de naturaleza y amor a Dios que los cr\u00edticos hallaron despu\u00e9s en el fondo de los mejores poemas de Vallejo.<\/span><\/p>\n<p class=\"MsoNormal\" style=\"text-align:justify\"><span style=\"font-family:\"> <\/span><\/p>\n<p class=\"MsoNormal\" style=\"text-align:justify\"><span style=\"font-family:\">DOS<\/span><\/p>\n<p class=\"MsoNormal\" style=\"text-align:justify\"><span style=\"font-family:\">Dos versiones de Dios compiten en el seno de la Iglesia cat\u00f3lica: la humanista y la dogm\u00e1tica.<\/span><\/p>\n<p class=\"MsoNormal\" style=\"text-align:justify\"><span style=\"font-family:\">De una parte el Dios de Vallejo, un dios encarnado en el hombre; y de la otra el dios esencialmente distinto al hombre, el eterno y universal, el puro y divino. De una parte la Teolog\u00eda de la Liberaci\u00f3n, el Papa Francisco y el \u201cEvangelii Gaudiums\u201d; y de la otra la tradici\u00f3n seg\u00fan Juan Pablo II y el Concilio Vaticano II; de una Nikos Kazantsakis y de otra la beata Bernadette.<\/span><\/p>\n<p class=\"MsoNormal\" style=\"text-align:justify\"><span style=\"font-family:\">Lo dice Gustavo Guti\u00e9rrez: \u201cEl sufrimiento humano plantea los desaf\u00edos m\u00e1s profundos a la idea de Dios y a la fe en Dios, tanto que muchas veces intentamos esquivarlos. Cuando realmente se tiene la experiencia del sufrimiento no es f\u00e1cil afirmar a Dios\u201d.<\/span><\/p>\n<p class=\"MsoNormal\" style=\"text-align:justify\"><span style=\"font-family:\">\u201cEn Vallejo hay, como en algunos personajes b\u00edblicos, una pelea con Dios\u2026 Los cristianos nos hemos vuelto muy temerosos de expresarnos as\u00ed, en t\u00e9rminos de pelea y de protesta a Dios. A algunos les suena casi una blasfemia porque no frecuentan la Biblia; en efecto, en ella esa actitud es clara y muy frecuente\u201d.<\/span><\/p>\n<p class=\"MsoNormal\" style=\"text-align:justify\"><span style=\"font-family:\">\u201cSi los personajes b\u00edblicos se quejan ante Dios es porque creen en \u00e9l y creen en su amor, de otro modo no se quejar\u00edan\u201d.<\/span><\/p>\n<p class=\"MsoNormal\" style=\"text-align:justify\"><span style=\"font-family:\">\u201cCreo que Vallejo tiene lo que podr\u00edamos llamar un acercamiento dial\u00e9ctico a Dios\u201d.<\/span><\/p>\n<p class=\"MsoNormal\" style=\"text-align:justify\"><span style=\"font-family:\"> <\/span><\/p>\n<p class=\"MsoNormal\" style=\"text-align:justify\"><span style=\"font-family:\">TRES<\/span><\/p>\n<p class=\"MsoNormal\" style=\"text-align:justify\"><span style=\"font-family:\">Dios m\u00edo, estoy llorando el ser que vivo;<\/span><\/p>\n<p class=\"MsoNormal\" style=\"text-align:justify\"><span style=\"font-family:\">me pesa haber tom\u00e1dote tu pan;<\/span><\/p>\n<p class=\"MsoNormal\" style=\"text-align:justify\"><span style=\"font-family:\">pero este pobre barro pensativo<\/span><\/p>\n<p class=\"MsoNormal\" style=\"text-align:justify\"><span style=\"font-family:\">no es costra fermentada en tu costado:<\/span><\/p>\n<p class=\"MsoNormal\" style=\"text-align:justify\"><span style=\"font-family:\">t\u00fa no tienes Mar\u00edas que se van! \/\/<\/span><\/p>\n<p class=\"MsoNormal\" style=\"text-align:justify\"><span style=\"font-family:\">Dios m\u00edo, si t\u00fa hubieras sido hombre,<\/span><\/p>\n<p class=\"MsoNormal\" style=\"text-align:justify\"><span style=\"font-family:\">hoy supieras ser Dios;<\/span><\/p>\n<p class=\"MsoNormal\" style=\"text-align:justify\"><span style=\"font-family:\">pero t\u00fa, que estuviste siempre bien,<\/span><\/p>\n<p class=\"MsoNormal\" style=\"text-align:justify\"><span style=\"font-family:\">no sientes nada de tu creaci\u00f3n. <\/span><\/p>\n<p class=\"MsoNormal\" style=\"text-align:justify\"><span style=\"font-family:\">Y el hombre s\u00ed te sufre: el Dios es \u00e9l! <\/span><\/p>\n<p class=\"MsoNormal\" style=\"text-align:justify\">\u00a0<\/p>\n<p class=\"MsoNormal\" style=\"text-align:justify\"><span style=\"font-family: Arial, sans-serif; line-height: 1.3em;\">Hoy que en mis ojos brujos hay candelas<\/span><\/p>\n<p class=\"MsoNormal\" style=\"text-align:justify\"><span style=\"font-family: Arial, sans-serif; line-height: 1.3em;\">como en un condenado, <\/span><\/p>\n<p class=\"MsoNormal\" style=\"text-align:justify\"><span style=\"font-family: Arial, sans-serif; line-height: 1.3em;\">Dios m\u00edo, prender\u00e1s todas tus velas,<\/span><\/p>\n<p class=\"MsoNormal\" style=\"text-align:justify\"><span style=\"font-family: Arial, sans-serif; line-height: 1.3em;\">y jugaremos con el viejo dado&#8230; <\/span><\/p>\n<p class=\"MsoNormal\" style=\"text-align:justify\"><span style=\"font-family: Arial, sans-serif; line-height: 1.3em;\">Tal vez \u00a1oh jugador! al dar la suerte <\/span><\/p>\n<p class=\"MsoNormal\" style=\"text-align:justify\"><span style=\"font-family: Arial, sans-serif; line-height: 1.3em;\">del universo todo,<\/span><\/p>\n<p class=\"MsoNormal\" style=\"text-align:justify\"><span style=\"font-family: Arial, sans-serif; line-height: 1.3em;\">surgir\u00e1n las ojeras de la Muerte, <\/span><\/p>\n<p class=\"MsoNormal\" style=\"text-align:justify\"><span style=\"font-family: Arial, sans-serif; line-height: 1.3em;\">como dos ases f\u00fanebres de lodo.<\/span><\/p>\n<p class=\"MsoNormal\" style=\"text-align:justify\">\u00a0<\/p>\n<p class=\"MsoNormal\" style=\"text-align:justify\"><span style=\"font-family: Arial, sans-serif; line-height: 1.3em;\">Dios m\u00edo, y esta noche sorda, oscura,<\/span><\/p>\n<p class=\"MsoNormal\" style=\"text-align:justify\"><span style=\"font-family: Arial, sans-serif; line-height: 1.3em;\">ya no podr\u00e1s jugar, porque la Tierra<\/span><\/p>\n<p class=\"MsoNormal\" style=\"text-align:justify\"><span style=\"font-family: Arial, sans-serif; line-height: 1.3em;\">es un dado ro\u00eddo y ya redondo <\/span><\/p>\n<p class=\"MsoNormal\" style=\"text-align:justify\"><span style=\"font-family: Arial, sans-serif; line-height: 1.3em;\">a fuerza de rodar a la aventura, <\/span><\/p>\n<p class=\"MsoNormal\" style=\"text-align:justify\"><span style=\"font-family: Arial, sans-serif; line-height: 1.3em;\">que no puede parar sino en un hueco,<\/span><\/p>\n<p class=\"MsoNormal\" style=\"text-align:justify\"><span style=\"font-family: Arial, sans-serif; line-height: 1.3em;\">en el hueco de inmensa sepultura.<\/span><\/p>\n<p class=\"MsoNormal\" style=\"text-align:justify\"><span style=\"font-family:\">(C\u00e9sar Vallejo, \u201cLos dados eternos\u201d).<\/span><\/p>\n<p class=\"MsoNormal\" style=\"text-align:justify\"><span style=\"font-family:\"> <\/span><\/p>\n<p class=\"MsoNormal\" style=\"text-align:justify\"><span style=\"font-family:\">CUATRO<\/span><\/p>\n<p class=\"MsoNormal\" style=\"text-align:justify\"><span style=\"font-family:\">A estas contradicciones en el alma de Vallejo se sumaron luego otras. <\/span><\/p>\n<p class=\"MsoNormal\" style=\"text-align:justify\"><span style=\"font-family:\">Parte a Huamachuco a estudiar la secundaria y luego pasa a Trujillo, donde en 1910 se inscribe en la Facultad de Filosof\u00eda y Letras. Solo un a\u00f1o despu\u00e9s desiste, y viaja a Lima donde quiere estudiar Medicina. Lo deja tambi\u00e9n. Vuelve a Trujillo, a Humachuco, trabaja de administrador en la Hacienda \u201cRoma\u201d y sale de all\u00ed \u201cmarcado\u201d. Decide concluir sus estudios de Letras. Y finalmente viaja a Lima, a tentar el doctorado.<\/span><\/p>\n<p class=\"MsoNormal\" style=\"text-align:justify\"><span style=\"font-family:\">Campesino de nacimiento, al llegar a la ciudad Vallejo conoce el ate\u00edsmo y el agnosticismo (Darwin, Comte, Nietzsche, Gonz\u00e1les Prada, Marx, etc.) que asume intelectualmente, aunque sentimentalmente sigue siendo cristiano. Para unos, oposiciones violentas que propician su poes\u00eda m\u00e1s desgarrada; para otros, como Gonz\u00e1les Vigil, \u201cfeliz alianza entre coraz\u00f3n (andino-cristiano) y cerebro (marxista)\u201d.<\/span><\/p>\n<p class=\"MsoNormal\" style=\"text-align:justify\"><span style=\"font-family:\"> <\/span><\/p>\n<p class=\"MsoNormal\" style=\"text-align:justify\"><span style=\"font-family:\">CINCO<\/span><\/p>\n<p class=\"MsoNormal\" style=\"text-align:justify\"><span style=\"font-family:\">Siento a Dios que camina \/ tan en m\u00ed, con la tarde y con el mar. \/ Con \u00e9l nos vamos juntos. Anochece. \/ Con \u00e9l anochecemos. Orfandad&#8230;\/\/<\/span><\/p>\n<p class=\"MsoNormal\" style=\"text-align:justify\"><span style=\"font-family:\">Pero yo siento a Dios. Y hasta parece \/ que \u00e9l me dicta no s\u00e9 qu\u00e9 buen color. \/ Como un hospitalario, es bueno y triste; \/ mustia un dulce desd\u00e9n de enamorado: \/ debe dolerle mucho el coraz\u00f3n. \/\/<\/span><\/p>\n<p class=\"MsoNormal\" style=\"text-align:justify\"><span style=\"font-family:\">Oh, Dios m\u00edo, reci\u00e9n a ti me llego, \/ hoy que amo tanto en esta tarde; hoy \/ que en la falsa balanza de unos senos, \/ mido y lloro una fr\u00e1gil Creaci\u00f3n. \/\/<\/span><\/p>\n<p class=\"MsoNormal\" style=\"text-align:justify\"><span style=\"font-family:\">Y t\u00fa, cu\u00e1l llorar\u00e1s&#8230; t\u00fa, enamorado \/ de tanto enorme seno girador&#8230; \/ Yo te consagro Dios, porque amas tanto; \/ porque jam\u00e1s sonr\u00edes; porque siempre \/ debe dolerte mucho el coraz\u00f3n.<\/span><\/p>\n<p class=\"MsoNormal\" style=\"text-align:justify\"><span style=\"font-family:\">(\u201cDios\u201d, C\u00e9sar Vallejo).<\/span><\/p>\n<p class=\"MsoNormal\" style=\"text-align:justify\"><span style=\"font-family:\"> <\/span><\/p>\n<p class=\"MsoNormal\" style=\"text-align:justify\"><span style=\"font-family:\">SEIS<\/span><\/p>\n<p class=\"MsoNormal\" style=\"text-align:justify\"><span style=\"font-family:\">Vallejo empez\u00f3 a escribir poes\u00eda a los trece a\u00f1os, cuando era colegial. Sus primeras lecturas fueron de la poes\u00eda espa\u00f1ola del Siglo de Oro que le dej\u00f3 un gusto perenne por el endecas\u00edlabo y el heptas\u00edlabo, por el Conceptismo, y por la po\u00e9tica del Quijote.<\/span><\/p>\n<p class=\"MsoNormal\" style=\"text-align:justify\"><span style=\"font-family:\">Cuando llega a Trujillo recibe la influencia de los bohemios, con lecturas de Walt Whitman, Nietzsche, Rub\u00e9n Dar\u00edo; del simbolismo franc\u00e9s, con Herrera Reissig; del antimperialismo, con Mart\u00ed y Rod\u00f3; del novomundismo de Chocano; y del marxismo, con la obra de Marx y Engels.<\/span><\/p>\n<p class=\"MsoNormal\" style=\"text-align:justify\"><span style=\"font-family:\">Estas influencias son notorias en su primer poemario, \u201cLos Heraldos Negros\u201d, publicado en Lima en 1919.<\/span><\/p>\n<p class=\"MsoNormal\" style=\"text-align:justify\"><span style=\"font-family:\">Y aqu\u00ed hay aun m\u00e1s contradicciones. <\/span><\/p>\n<p class=\"MsoNormal\" style=\"text-align:justify\"><span style=\"font-family:\">Del Romanticismo \u2014dicen los cr\u00edticos\u2014 Vallejo asumi\u00f3 la vertiente negra, la imagen del poeta maldito; el anhelo de Unidad, del Amor como lo Absoluto representado en el color azul; la idea de la libertad expresiva del poeta, nutrida de la autobiograf\u00eda; la idea de la escisi\u00f3n Mente \/ Cuerpo, que Vallejo propone equilibrar; y el Pueblo como ideal. <\/span><\/p>\n<p class=\"MsoNormal\" style=\"text-align:justify\"><span style=\"font-family:\">Del Modernismo literario asumi\u00f3 el deseo de Modernidad, de actualizar sus conocimientos con lecturas europeas de vanguardia. As\u00ed aprendi\u00f3 el ate\u00edsmo y el marxismo; el cosmopolitismo, contra el provincianismo de Trujillo, y contra la sujeci\u00f3n mental a Espa\u00f1a; la admiraci\u00f3n por Dar\u00edo, que conserv\u00f3 hasta la muerte, en la originalidad, el cambio constante de t\u00e9cnicas, el combate entre Eros y la realidad, la esperanza en una utop\u00eda americanista; y por \u00faltimo el gusto por lo lit\u00fargico y lo campestre de Herrera y Reissig.<\/span><\/p>\n<p class=\"MsoNormal\" style=\"text-align:justify\"><span style=\"font-family:\">Seg\u00fan el mismo Gonz\u00e1lez Vigil, el aporte original de Vallejo se halla en su poes\u00eda que expresa la crisis y la angustia que la Modernidad trae con su cr\u00edtica a la tradici\u00f3n. Vallejo nos ofrece un lenguaje po\u00e9tico propio que rompe con la estructura m\u00e9trica y de rima cl\u00e1sica. En cuanto a los contenidos, aparecen en \u00e9l nuevos temas: la muerte, el dolor, el hogar de la infancia, el absurdo, la duda y la probabilidad. En Vallejo hallamos una sensibilidad ind\u00edgena: nostalgia, pesimismo, ternura, pante\u00edsmo, sentimiento comunitario, etc.; junto al simbolismo num\u00e9rico, de la Biblia, de la C\u00e1bala, de Pit\u00e1goras.<\/span><\/p>\n<p class=\"MsoNormal\" style=\"text-align:justify\"><span style=\"font-family:\"> <\/span><\/p>\n<p class=\"MsoNormal\" style=\"text-align:justify\"><span style=\"font-family:\">SIETE<\/span><\/p>\n<p class=\"MsoNormal\" style=\"text-align:justify\"><span style=\"font-family:\">Hay golpes en la vida, tan fuertes&#8230; \u00a1Yo no s\u00e9! \/ Golpes como del odio de Dios; como si ante ellos, \/ la resaca de todo lo sufrido \/ se empozara en el alma&#8230; \u00a1Yo no s\u00e9! \/\/<\/span><\/p>\n<p class=\"MsoNormal\" style=\"text-align:justify\"><span style=\"font-family:\">Son pocos; pero son&#8230; Abren zanjas oscuras \/ en el rostro m\u00e1s fiero y en el lomo m\u00e1s fuerte. \/ Ser\u00e1n tal vez los potros de b\u00e1rbaros atilas; \/ o los heraldos negros que nos manda la Muerte. \/\/<\/span><\/p>\n<p class=\"MsoNormal\" style=\"text-align:justify\"><span style=\"font-family:\">Son las ca\u00eddas hondas de los Cristos del alma \/ de alguna fe adorable que el Destino blasfema. \/ Esos golpes sangrientos son las crepitaciones \/ de alg\u00fan pan que en la puerta del horno se nos quema. \/\/<\/span><\/p>\n<p class=\"MsoNormal\" style=\"text-align:justify\"><span style=\"font-family:\">Y el hombre&#8230; Pobre&#8230; \u00a1pobre! Vuelve los ojos, como \/ cuando por sobre el hombro nos llama una palmada; \/ vuelve los ojos locos, y todo lo vivido \/ se empoza, como charco de culpa, en la mirada. \/\/<\/span><\/p>\n<p class=\"MsoNormal\" style=\"text-align:justify\"><span style=\"font-family:\">Hay golpes en la vida, tan fuertes&#8230; \u00a1Yo no s\u00e9!<\/span><\/p>\n<p>\u00a0<\/p>\n<p class=\"MsoNormal\" style=\"text-align:justify\"><span style=\"font-family:\">(\u201cLos heraldos negros\u201d, C\u00e9sar Vallejo).<\/span><\/p>\n<div class=\"pvc_clear\"><\/div>\n<p id=\"pvc_stats_484\" class=\"pvc_stats all  \" data-element-id=\"484\" style=\"\"><i class=\"pvc-stats-icon small\" aria-hidden=\"true\"><svg xmlns=\"http:\/\/www.w3.org\/2000\/svg\" version=\"1.0\" viewBox=\"0 0 502 315\" preserveAspectRatio=\"xMidYMid meet\"><g transform=\"translate(0,332) scale(0.1,-0.1)\" fill=\"\" stroke=\"none\"><path d=\"M2394 3279 l-29 -30 -3 -207 c-2 -182 0 -211 15 -242 39 -76 157 -76 196 0 15 31 17 60 15 243 l-3 209 -33 29 c-26 23 -41 29 -80 29 -41 0 -53 -5 -78 -31z\"\/><path d=\"M3085 3251 c-45 -19 -58 -50 -96 -229 -47 -217 -49 -260 -13 -295 52 -53 146 -42 177 20 16 31 87 366 87 410 0 70 -86 122 -155 94z\"\/><path d=\"M1751 3234 c-13 -9 -29 -31 -37 -50 -12 -29 -10 -49 21 -204 19 -94 39 -189 45 -210 14 -50 54 -80 110 -80 34 0 48 6 76 34 21 21 34 44 34 59 0 14 -18 113 -40 219 -37 178 -43 195 -70 221 -36 32 -101 37 -139 11z\"\/><path d=\"M1163 3073 c-36 -7 -73 -59 -73 -102 0 -56 133 -378 171 -413 34 -32 83 -37 129 -13 70 36 67 87 -16 290 -86 209 -89 214 -129 231 -35 14 -42 15 -82 7z\"\/><path d=\"M3689 3066 c-15 -9 -33 -30 -42 -48 -48 -103 -147 -355 -147 -375 0 -98 131 -148 192 -74 13 15 57 108 97 206 80 196 84 226 37 273 -30 30 -99 39 -137 18z\"\/><path d=\"M583 2784 c-38 -19 -67 -74 -58 -113 9 -42 211 -354 242 -373 16 -10 45 -18 66 -18 51 0 107 52 107 100 0 39 -1 41 -124 234 -80 126 -108 162 -133 173 -41 17 -61 16 -100 -3z\"\/><path d=\"M4250 2784 c-14 -9 -74 -91 -133 -183 -95 -150 -107 -173 -107 -213 0 -55 33 -94 87 -104 67 -13 90 8 211 198 130 202 137 225 78 284 -27 27 -42 34 -72 34 -22 0 -50 -8 -64 -16z\"\/><path d=\"M2275 2693 c-553 -48 -1095 -270 -1585 -649 -135 -104 -459 -423 -483 -476 -23 -49 -22 -139 2 -186 73 -142 361 -457 571 -626 285 -228 642 -407 990 -497 242 -63 336 -73 660 -74 310 0 370 5 595 52 535 111 1045 392 1455 803 122 121 250 273 275 326 19 41 19 137 0 174 -41 79 -309 363 -465 492 -447 370 -946 591 -1479 653 -113 14 -422 18 -536 8z m395 -428 c171 -34 330 -124 456 -258 112 -119 167 -219 211 -378 27 -96 24 -300 -5 -401 -72 -255 -236 -447 -474 -557 -132 -62 -201 -76 -368 -76 -167 0 -236 14 -368 76 -213 98 -373 271 -451 485 -162 444 86 934 547 1084 153 49 292 57 452 25z m909 -232 c222 -123 408 -262 593 -441 76 -74 138 -139 138 -144 0 -16 -233 -242 -330 -319 -155 -123 -309 -223 -461 -299 l-81 -41 32 46 c18 26 49 83 70 128 143 306 141 649 -6 957 -25 52 -61 116 -79 142 l-34 47 45 -20 c26 -10 76 -36 113 -56z m-2057 25 c-40 -58 -105 -190 -130 -263 -110 -324 -59 -707 132 -981 25 -35 42 -64 37 -64 -19 0 -241 119 -326 174 -188 122 -406 314 -532 468 l-58 71 108 103 c185 178 428 349 672 473 66 33 121 60 123 61 2 0 -10 -19 -26 -42z\"\/><path d=\"M2375 1950 c-198 -44 -350 -190 -395 -379 -18 -76 -8 -221 19 -290 114 -284 457 -406 731 -260 98 52 188 154 231 260 27 69 37 214 19 290 -38 163 -166 304 -326 360 -67 23 -215 33 -279 19z\"\/><\/g><\/svg><\/i> <img loading=\"lazy\" decoding=\"async\" width=\"16\" height=\"16\" alt=\"Loading\" src=\"https:\/\/altodelaluna.com\/wp\/wp-content\/plugins\/page-views-count\/ajax-loader-2x.gif\" border=0 \/><\/p>\n<div class=\"pvc_clear\"><\/div>\n","protected":false},"excerpt":{"rendered":"<p>C\u00e9sar Vallejo estaba destinado a ser cura tambi\u00e9n.<\/p>\n<div class=\"pvc_clear\"><\/div>\n<p id=\"pvc_stats_484\" class=\"pvc_stats all  \" data-element-id=\"484\" style=\"\"><i class=\"pvc-stats-icon small\" aria-hidden=\"true\"><svg xmlns=\"http:\/\/www.w3.org\/2000\/svg\" version=\"1.0\" viewBox=\"0 0 502 315\" preserveAspectRatio=\"xMidYMid meet\"><g transform=\"translate(0,332) scale(0.1,-0.1)\" fill=\"\" stroke=\"none\"><path d=\"M2394 3279 l-29 -30 -3 -207 c-2 -182 0 -211 15 -242 39 -76 157 -76 196 0 15 31 17 60 15 243 l-3 209 -33 29 c-26 23 -41 29 -80 29 -41 0 -53 -5 -78 -31z\"\/><path d=\"M3085 3251 c-45 -19 -58 -50 -96 -229 -47 -217 -49 -260 -13 -295 52 -53 146 -42 177 20 16 31 87 366 87 410 0 70 -86 122 -155 94z\"\/><path d=\"M1751 3234 c-13 -9 -29 -31 -37 -50 -12 -29 -10 -49 21 -204 19 -94 39 -189 45 -210 14 -50 54 -80 110 -80 34 0 48 6 76 34 21 21 34 44 34 59 0 14 -18 113 -40 219 -37 178 -43 195 -70 221 -36 32 -101 37 -139 11z\"\/><path d=\"M1163 3073 c-36 -7 -73 -59 -73 -102 0 -56 133 -378 171 -413 34 -32 83 -37 129 -13 70 36 67 87 -16 290 -86 209 -89 214 -129 231 -35 14 -42 15 -82 7z\"\/><path d=\"M3689 3066 c-15 -9 -33 -30 -42 -48 -48 -103 -147 -355 -147 -375 0 -98 131 -148 192 -74 13 15 57 108 97 206 80 196 84 226 37 273 -30 30 -99 39 -137 18z\"\/><path d=\"M583 2784 c-38 -19 -67 -74 -58 -113 9 -42 211 -354 242 -373 16 -10 45 -18 66 -18 51 0 107 52 107 100 0 39 -1 41 -124 234 -80 126 -108 162 -133 173 -41 17 -61 16 -100 -3z\"\/><path d=\"M4250 2784 c-14 -9 -74 -91 -133 -183 -95 -150 -107 -173 -107 -213 0 -55 33 -94 87 -104 67 -13 90 8 211 198 130 202 137 225 78 284 -27 27 -42 34 -72 34 -22 0 -50 -8 -64 -16z\"\/><path d=\"M2275 2693 c-553 -48 -1095 -270 -1585 -649 -135 -104 -459 -423 -483 -476 -23 -49 -22 -139 2 -186 73 -142 361 -457 571 -626 285 -228 642 -407 990 -497 242 -63 336 -73 660 -74 310 0 370 5 595 52 535 111 1045 392 1455 803 122 121 250 273 275 326 19 41 19 137 0 174 -41 79 -309 363 -465 492 -447 370 -946 591 -1479 653 -113 14 -422 18 -536 8z m395 -428 c171 -34 330 -124 456 -258 112 -119 167 -219 211 -378 27 -96 24 -300 -5 -401 -72 -255 -236 -447 -474 -557 -132 -62 -201 -76 -368 -76 -167 0 -236 14 -368 76 -213 98 -373 271 -451 485 -162 444 86 934 547 1084 153 49 292 57 452 25z m909 -232 c222 -123 408 -262 593 -441 76 -74 138 -139 138 -144 0 -16 -233 -242 -330 -319 -155 -123 -309 -223 -461 -299 l-81 -41 32 46 c18 26 49 83 70 128 143 306 141 649 -6 957 -25 52 -61 116 -79 142 l-34 47 45 -20 c26 -10 76 -36 113 -56z m-2057 25 c-40 -58 -105 -190 -130 -263 -110 -324 -59 -707 132 -981 25 -35 42 -64 37 -64 -19 0 -241 119 -326 174 -188 122 -406 314 -532 468 l-58 71 108 103 c185 178 428 349 672 473 66 33 121 60 123 61 2 0 -10 -19 -26 -42z\"\/><path d=\"M2375 1950 c-198 -44 -350 -190 -395 -379 -18 -76 -8 -221 19 -290 114 -284 457 -406 731 -260 98 52 188 154 231 260 27 69 37 214 19 290 -38 163 -166 304 -326 360 -67 23 -215 33 -279 19z\"\/><\/g><\/svg><\/i> <img loading=\"lazy\" decoding=\"async\" width=\"16\" height=\"16\" alt=\"Loading\" src=\"https:\/\/altodelaluna.com\/wp\/wp-content\/plugins\/page-views-count\/ajax-loader-2x.gif\" border=0 \/><\/p>\n<div class=\"pvc_clear\"><\/div>\n","protected":false},"author":1,"featured_media":0,"comment_status":"open","ping_status":"open","sticky":false,"template":"","format":"standard","meta":{"footnotes":""},"categories":[1],"tags":[347,349,348,113],"class_list":["post-484","post","type-post","status-publish","format-standard","hentry","category-uncategorized","tag-cesar-vallejo-y-dios","tag-dios-humano","tag-imagen-de-dios-en-vallejo","tag-willard-diaz"],"_links":{"self":[{"href":"https:\/\/altodelaluna.com\/wp\/wp-json\/wp\/v2\/posts\/484","targetHints":{"allow":["GET"]}}],"collection":[{"href":"https:\/\/altodelaluna.com\/wp\/wp-json\/wp\/v2\/posts"}],"about":[{"href":"https:\/\/altodelaluna.com\/wp\/wp-json\/wp\/v2\/types\/post"}],"author":[{"embeddable":true,"href":"https:\/\/altodelaluna.com\/wp\/wp-json\/wp\/v2\/users\/1"}],"replies":[{"embeddable":true,"href":"https:\/\/altodelaluna.com\/wp\/wp-json\/wp\/v2\/comments?post=484"}],"version-history":[{"count":0,"href":"https:\/\/altodelaluna.com\/wp\/wp-json\/wp\/v2\/posts\/484\/revisions"}],"wp:attachment":[{"href":"https:\/\/altodelaluna.com\/wp\/wp-json\/wp\/v2\/media?parent=484"}],"wp:term":[{"taxonomy":"category","embeddable":true,"href":"https:\/\/altodelaluna.com\/wp\/wp-json\/wp\/v2\/categories?post=484"},{"taxonomy":"post_tag","embeddable":true,"href":"https:\/\/altodelaluna.com\/wp\/wp-json\/wp\/v2\/tags?post=484"}],"curies":[{"name":"wp","href":"https:\/\/api.w.org\/{rel}","templated":true}]}}